
			
				

					
				

			
		{"items":"\n\t\t\t\t\t\t\t\t\t\t\t\n<article id=\"post-119403\" class=\"wd-post blog-design-meta-image blog-post-loop blog-style-bg wd-col post-119403 post type-post status-publish format-standard has-post-thumbnail hentry category-uncategorized\">\n\t\t\t<div class=\"wd-post-inner\">\n\t\n\t<div class=\"wd-post-thumb color-scheme-light\">\n\t\t\t\t\t<div class=\"wd-post-img\">\n\t\t\t\t<img width=\"589\" height=\"392\" src=\"https:\/\/abelt-loja.com.br\/wp-content\/uploads\/2026\/03\/pallets-plastico-1200x1000x150mm-pl1210-3-superficie-liso-ou-vazado-com-3-runners-cor-preto-branco-abelt.png\" class=\"attachment-large size-large\" alt=\"\" decoding=\"async\" srcset=\"https:\/\/abelt-loja.com.br\/wp-content\/uploads\/2026\/03\/pallets-plastico-1200x1000x150mm-pl1210-3-superficie-liso-ou-vazado-com-3-runners-cor-preto-branco-abelt.png 589w, https:\/\/abelt-loja.com.br\/wp-content\/uploads\/2026\/03\/pallets-plastico-1200x1000x150mm-pl1210-3-superficie-liso-ou-vazado-com-3-runners-cor-preto-branco-abelt-300x200.png 300w, https:\/\/abelt-loja.com.br\/wp-content\/uploads\/2026\/03\/pallets-plastico-1200x1000x150mm-pl1210-3-superficie-liso-ou-vazado-com-3-runners-cor-preto-branco-abelt-150x100.png 150w\" sizes=\"(max-width: 589px) 100vw, 589px\" \/>\t\t\t<\/div>\n\t\t\n\t\t\t\t<a class=\"wd-post-link wd-fill\" href=\"https:\/\/abelt-loja.com.br\/pallets-plasticos-por-que-usar-como-escolher-e-boas-praticas-de-armazenamento-e-movimentacao\/\" rel=\"bookmark\" aria-label=\"Link on post Pallets pl\u00e1sticos: por que usar, como escolher e boas pr\u00e1ticas de armazenamento e movimenta\u00e7\u00e3o\"><\/a>\n\n\t\t\t\t\t<div class=\"wd-post-header\">\n\t\t\t\t<div class=\"wd-meta-author\">\n\t\t\t\t\t\t\t\n\t\t\t\t\t<img alt='author-avatar' src='https:\/\/secure.gravatar.com\/avatar\/94301990690f0959d685ab7b9b174992b2e18513617ad0919bfc9972bec2ff8f?s=32&#038;d=mm&#038;r=g' srcset='https:\/\/secure.gravatar.com\/avatar\/94301990690f0959d685ab7b9b174992b2e18513617ad0919bfc9972bec2ff8f?s=64&#038;d=mm&#038;r=g 2x' class='avatar avatar-32 photo' height='32' width='32' decoding='async'\/>\t\t\n\t\t<a href=\"https:\/\/abelt-loja.com.br\/author\/marketing\/\" rel=\"author\">\n\t\t\t<span class=\"vcard author author_name\">\n\t\t\t\t<span class=\"fn\">Marketing ABelt<\/span>\n\t\t\t<\/span>\n\t\t<\/a>\n\t\t\t\t\t\t<\/div>\n\n\t\t\t\t<div class=\"wd-post-actions\">\n\t\t\t\t\t\t\t\t\t\t\t<div class=\"wd-post-share wd-tltp wd-tltp-top\">\n\t\t\t\t\t\t\t<div class=\"wd-tooltip-label\">\n\t\t\t\t\t\t\t\t\t\t\t<link rel=\"stylesheet\" id=\"wd-social-icons-css\" href=\"https:\/\/abelt-loja.com.br\/wp-content\/themes\/woodmart\/css\/parts\/el-social-icons.min.css?ver=7.6.0\" type=\"text\/css\" media=\"all\" \/> \t\t\t\n\t\t\t<div class=\" wd-social-icons icons-design-default icons-size-small color-scheme-light social-share social-form-circle text-center\">\n\n\t\t\t\t\n\t\t\t\t\t\t\t\t\t<a rel=\"noopener noreferrer nofollow\" href=\"https:\/\/www.facebook.com\/sharer\/sharer.php?u=https:\/\/abelt-loja.com.br\/category\/uncategorized\/\" target=\"_blank\" class=\" wd-social-icon social-facebook\" aria-label=\"Facebook social link\">\n\t\t\t\t\t\t<span class=\"wd-icon\"><\/span>\n\t\t\t\t\t\t\t\t\t\t\t<\/a>\n\t\t\t\t\n\t\t\t\t\t\t\t\t\t<a rel=\"noopener noreferrer nofollow\" href=\"https:\/\/x.com\/share?url=https:\/\/abelt-loja.com.br\/category\/uncategorized\/\" target=\"_blank\" class=\" wd-social-icon social-twitter\" aria-label=\"X social link\">\n\t\t\t\t\t\t<span class=\"wd-icon\"><\/span>\n\t\t\t\t\t\t\t\t\t\t\t<\/a>\n\t\t\t\t\n\t\t\t\t\n\t\t\t\t\n\t\t\t\t\n\t\t\t\t\t\t\t\t\t<a rel=\"noopener noreferrer nofollow\" href=\"https:\/\/pinterest.com\/pin\/create\/button\/?url=https:\/\/abelt-loja.com.br\/category\/uncategorized\/&media=https:\/\/abelt-loja.com.br\/wp-content\/uploads\/2026\/03\/pallets-plastico-1200x1000x150mm-pl1210-3-superficie-liso-ou-vazado-com-3-runners-cor-preto-branco-abelt.png&description=Pallets+pl%C3%A1sticos%3A+por+que+usar%2C+como+escolher+e+boas+pr%C3%A1ticas+de+armazenamento+e+movimenta%C3%A7%C3%A3o\" target=\"_blank\" class=\" wd-social-icon social-pinterest\" aria-label=\"Pinterest social link\">\n\t\t\t\t\t\t<span class=\"wd-icon\"><\/span>\n\t\t\t\t\t\t\t\t\t\t\t<\/a>\n\t\t\t\t\n\t\t\t\t\n\t\t\t\t\t\t\t\t\t<a rel=\"noopener noreferrer nofollow\" href=\"https:\/\/www.linkedin.com\/shareArticle?mini=true&url=https:\/\/abelt-loja.com.br\/category\/uncategorized\/\" target=\"_blank\" class=\" wd-social-icon social-linkedin\" aria-label=\"Linkedin social link\">\n\t\t\t\t\t\t<span class=\"wd-icon\"><\/span>\n\t\t\t\t\t\t\t\t\t\t\t<\/a>\n\t\t\t\t\n\t\t\t\t\n\t\t\t\t\n\t\t\t\t\n\t\t\t\t\n\t\t\t\t\n\t\t\t\t\n\t\t\t\t\n\t\t\t\t\n\t\t\t\t\n\t\t\t\t\t\t\t\t\n\t\t\t\t\t\t\t\t\n\t\t\t\t\n\t\t\t\t\n\t\t\t\t\n\t\t\t\t\t\t\t\t\n\t\t\t\t\n\t\t\t<\/div>\n\n\t\t\t\t\t\t\t\t\t<\/div>\n\t\t\t\t\t\t<\/div>\n\t\t\t\t\t\n\t\t\t\t\t\t\t\t\t\t\t<div class=\"wd-meta-reply\">\n\t\t\t\t\t\t\t<a href=\"https:\/\/abelt-loja.com.br\/pallets-plasticos-por-que-usar-como-escolher-e-boas-praticas-de-armazenamento-e-movimentacao\/#respond\"><span class=\"replies-count\">0<\/span> <span class=\"replies-count-label\">coment\u00e1rios<\/span><\/a>\t\t\t\t\t\t<\/div>\n\t\t\t\t\t\t\t\t\t<\/div>\n\t\t\t<\/div>\n\t\t\t<\/div>\n\n\t<div class=\"wd-post-content\">\n\t\t<div class=\"wd-post-entry-meta\">\n\t\t\t\t\t\t\t\t\t\t<div class=\"wd-post-cat wd-style-default\">\n\t\t\t\t\t<a href=\"https:\/\/abelt-loja.com.br\/category\/uncategorized\/\" rel=\"category tag\">Uncategorized<\/a>\t\t\t\t<\/div>\n\t\t\t\n\t\t\t<div class=\"wd-modified-date\">\n\t\t\t\t\t\t<time class=\"updated\" datetime=\"2026-03-05T11:06:22-03:00\">\n\t\t\tmar\u00e7o 5, 2026\t\t<\/time>\n\t\t\t\t\t<\/div>\n\n\t\t\t<div class=\"wd-meta-date\">\n\t\t\t\t04 mar 2026\t\t\t<\/div>\n\t\t<\/div>\n\n\t\t\t\t\t<h3 class=\"wd-entities-title title post-title\">\n\t\t\t\t<a href=\"https:\/\/abelt-loja.com.br\/pallets-plasticos-por-que-usar-como-escolher-e-boas-praticas-de-armazenamento-e-movimentacao\/\" rel=\"bookmark\">\n\t\t\t\t\tPallets pl\u00e1sticos: por que usar, como escolher e boas pr\u00e1ticas de armazenamento e movimenta\u00e7\u00e3o\t\t\t\t<\/a>\n\t\t\t<\/h3>\n\t\t\n\t\t\t\t\t<div class=\"wd-entry-content\">\n\t\t\t\t\t\t\t\t\t\nVeja quando o pallet pl\u00e1stico \u00e9 a melhor op\u00e7\u00e3o, quais modelos existem e como u...\t\t\t\t\t\t\t\t\t\t\t\t<\/div>\n\t\t\n\t\t\t\t\t\t\t\t\t\t<div class=\"wd-read-more\">\n\t\t\t\t\t\t<a class=\"btn-read-more more-link\" href=\"https:\/\/abelt-loja.com.br\/pallets-plasticos-por-que-usar-como-escolher-e-boas-praticas-de-armazenamento-e-movimentacao\/\">Continue lendo<\/a>\t\t\t\t\t<\/div>\n\t\t\t\t\t\t\t<\/div>\n\n\t\t\t<\/div>\n\t<\/article>\n\t\t\t\t\t\t\t\t\t\t\t\n<article id=\"post-119388\" class=\"wd-post blog-design-meta-image blog-post-loop blog-style-bg wd-col post-119388 post type-post status-publish format-standard has-post-thumbnail hentry category-uncategorized\">\n\t\t\t<div class=\"wd-post-inner\">\n\t\n\t<div class=\"wd-post-thumb color-scheme-light\">\n\t\t\t\t\t<div class=\"wd-post-img\">\n\t\t\t\t<img width=\"800\" height=\"600\" src=\"https:\/\/abelt-loja.com.br\/wp-content\/uploads\/2025\/05\/abelt-estoque-de-estrados-plasticos-50-x-25-x-2.5-cm.jpg\" class=\"attachment-large size-large\" alt=\"\" decoding=\"async\" srcset=\"https:\/\/abelt-loja.com.br\/wp-content\/uploads\/2025\/05\/abelt-estoque-de-estrados-plasticos-50-x-25-x-2.5-cm.jpg 800w, https:\/\/abelt-loja.com.br\/wp-content\/uploads\/2025\/05\/abelt-estoque-de-estrados-plasticos-50-x-25-x-2.5-cm-300x225.jpg 300w, https:\/\/abelt-loja.com.br\/wp-content\/uploads\/2025\/05\/abelt-estoque-de-estrados-plasticos-50-x-25-x-2.5-cm-768x576.jpg 768w, https:\/\/abelt-loja.com.br\/wp-content\/uploads\/2025\/05\/abelt-estoque-de-estrados-plasticos-50-x-25-x-2.5-cm-150x113.jpg 150w\" sizes=\"(max-width: 800px) 100vw, 800px\" \/>\t\t\t<\/div>\n\t\t\n\t\t\t\t<a class=\"wd-post-link wd-fill\" href=\"https:\/\/abelt-loja.com.br\/piso-plastico-quando-usar-beneficios-e-como-instalar-e-cuidar-do-jeito-certo\/\" rel=\"bookmark\" aria-label=\"Link on post Piso pl\u00e1stico: quando usar, benef\u00edcios e como instalar e cuidar do jeito certo!\"><\/a>\n\n\t\t\t\t\t<div class=\"wd-post-header\">\n\t\t\t\t<div class=\"wd-meta-author\">\n\t\t\t\t\t\t\t\n\t\t\t\t\t<img alt='author-avatar' src='https:\/\/secure.gravatar.com\/avatar\/94301990690f0959d685ab7b9b174992b2e18513617ad0919bfc9972bec2ff8f?s=32&#038;d=mm&#038;r=g' srcset='https:\/\/secure.gravatar.com\/avatar\/94301990690f0959d685ab7b9b174992b2e18513617ad0919bfc9972bec2ff8f?s=64&#038;d=mm&#038;r=g 2x' class='avatar avatar-32 photo' height='32' width='32' decoding='async'\/>\t\t\n\t\t<a href=\"https:\/\/abelt-loja.com.br\/author\/marketing\/\" rel=\"author\">\n\t\t\t<span class=\"vcard author author_name\">\n\t\t\t\t<span class=\"fn\">Marketing ABelt<\/span>\n\t\t\t<\/span>\n\t\t<\/a>\n\t\t\t\t\t\t<\/div>\n\n\t\t\t\t<div class=\"wd-post-actions\">\n\t\t\t\t\t\t\t\t\t\t\t<div class=\"wd-post-share wd-tltp wd-tltp-top\">\n\t\t\t\t\t\t\t<div class=\"wd-tooltip-label\">\n\t\t\t\t\t\t\t\t\n\t\t\t<div class=\" wd-social-icons icons-design-default icons-size-small color-scheme-light social-share social-form-circle text-center\">\n\n\t\t\t\t\n\t\t\t\t\t\t\t\t\t<a rel=\"noopener noreferrer nofollow\" href=\"https:\/\/www.facebook.com\/sharer\/sharer.php?u=https:\/\/abelt-loja.com.br\/category\/uncategorized\/\" target=\"_blank\" class=\" wd-social-icon social-facebook\" aria-label=\"Facebook social link\">\n\t\t\t\t\t\t<span class=\"wd-icon\"><\/span>\n\t\t\t\t\t\t\t\t\t\t\t<\/a>\n\t\t\t\t\n\t\t\t\t\t\t\t\t\t<a rel=\"noopener noreferrer nofollow\" href=\"https:\/\/x.com\/share?url=https:\/\/abelt-loja.com.br\/category\/uncategorized\/\" target=\"_blank\" class=\" wd-social-icon social-twitter\" aria-label=\"X social link\">\n\t\t\t\t\t\t<span class=\"wd-icon\"><\/span>\n\t\t\t\t\t\t\t\t\t\t\t<\/a>\n\t\t\t\t\n\t\t\t\t\n\t\t\t\t\n\t\t\t\t\n\t\t\t\t\t\t\t\t\t<a rel=\"noopener noreferrer nofollow\" href=\"https:\/\/pinterest.com\/pin\/create\/button\/?url=https:\/\/abelt-loja.com.br\/category\/uncategorized\/&media=https:\/\/abelt-loja.com.br\/wp-content\/uploads\/2025\/05\/abelt-estoque-de-estrados-plasticos-50-x-25-x-2.5-cm.jpg&description=Piso+pl%C3%A1stico%3A+quando+usar%2C+benef%C3%ADcios+e+como+instalar+e+cuidar+do+jeito+certo%21\" target=\"_blank\" class=\" wd-social-icon social-pinterest\" aria-label=\"Pinterest social link\">\n\t\t\t\t\t\t<span class=\"wd-icon\"><\/span>\n\t\t\t\t\t\t\t\t\t\t\t<\/a>\n\t\t\t\t\n\t\t\t\t\n\t\t\t\t\t\t\t\t\t<a rel=\"noopener noreferrer nofollow\" href=\"https:\/\/www.linkedin.com\/shareArticle?mini=true&url=https:\/\/abelt-loja.com.br\/category\/uncategorized\/\" target=\"_blank\" class=\" wd-social-icon social-linkedin\" aria-label=\"Linkedin social link\">\n\t\t\t\t\t\t<span class=\"wd-icon\"><\/span>\n\t\t\t\t\t\t\t\t\t\t\t<\/a>\n\t\t\t\t\n\t\t\t\t\n\t\t\t\t\n\t\t\t\t\n\t\t\t\t\n\t\t\t\t\n\t\t\t\t\n\t\t\t\t\n\t\t\t\t\n\t\t\t\t\n\t\t\t\t\t\t\t\t\n\t\t\t\t\t\t\t\t\n\t\t\t\t\n\t\t\t\t\n\t\t\t\t\n\t\t\t\t\t\t\t\t\n\t\t\t\t\n\t\t\t<\/div>\n\n\t\t\t\t\t\t\t\t\t<\/div>\n\t\t\t\t\t\t<\/div>\n\t\t\t\t\t\n\t\t\t\t\t\t\t\t\t\t\t<div class=\"wd-meta-reply\">\n\t\t\t\t\t\t\t<a href=\"https:\/\/abelt-loja.com.br\/piso-plastico-quando-usar-beneficios-e-como-instalar-e-cuidar-do-jeito-certo\/#respond\"><span class=\"replies-count\">0<\/span> <span class=\"replies-count-label\">coment\u00e1rios<\/span><\/a>\t\t\t\t\t\t<\/div>\n\t\t\t\t\t\t\t\t\t<\/div>\n\t\t\t<\/div>\n\t\t\t<\/div>\n\n\t<div class=\"wd-post-content\">\n\t\t<div class=\"wd-post-entry-meta\">\n\t\t\t\t\t\t\t\t\t\t<div class=\"wd-post-cat wd-style-default\">\n\t\t\t\t\t<a href=\"https:\/\/abelt-loja.com.br\/category\/uncategorized\/\" rel=\"category tag\">Uncategorized<\/a>\t\t\t\t<\/div>\n\t\t\t\n\t\t\t<div class=\"wd-modified-date\">\n\t\t\t\t\t\t<time class=\"updated\" datetime=\"2026-03-05T11:07:50-03:00\">\n\t\t\tmar\u00e7o 5, 2026\t\t<\/time>\n\t\t\t\t\t<\/div>\n\n\t\t\t<div class=\"wd-meta-date\">\n\t\t\t\t04 mar 2026\t\t\t<\/div>\n\t\t<\/div>\n\n\t\t\t\t\t<h3 class=\"wd-entities-title title post-title\">\n\t\t\t\t<a href=\"https:\/\/abelt-loja.com.br\/piso-plastico-quando-usar-beneficios-e-como-instalar-e-cuidar-do-jeito-certo\/\" rel=\"bookmark\">\n\t\t\t\t\tPiso pl\u00e1stico: quando usar, benef\u00edcios e como instalar e cuidar do jeito certo!\t\t\t\t<\/a>\n\t\t\t<\/h3>\n\t\t\n\t\t\t\t\t<div class=\"wd-entry-content\">\n\t\t\t\t\t\t\t\t\t\n\n\n\n\t\t\t\t\t\t\t\t\t\t\t\t<\/div>\n\t\t\n\t\t\t\t\t\t\t\t\t\t<div class=\"wd-read-more\">\n\t\t\t\t\t\t<a class=\"btn-read-more more-link\" href=\"https:\/\/abelt-loja.com.br\/piso-plastico-quando-usar-beneficios-e-como-instalar-e-cuidar-do-jeito-certo\/\">Continue lendo<\/a>\t\t\t\t\t<\/div>\n\t\t\t\t\t\t\t<\/div>\n\n\t\t\t<\/div>\n\t<\/article>\n\t\t\t\t\t\n\t\t\t\t\t","status":"no-more-posts","nextPage":"?woo_ajax=1","currentPage":"https:\/\/abelt-loja.com.br\/category\/uncategorized\/page\/2"}